{"id":3318,"date":"2026-07-03T18:23:00","date_gmt":"2026-07-03T23:23:00","guid":{"rendered":"https:\/\/automotriz.utn.edu.ec\/?p=3318"},"modified":"2026-09-04T15:43:08","modified_gmt":"2026-09-04T20:43:08","slug":"novena-edicion-del-dia-motor-utn-2026","status":"publish","type":"post","link":"https:\/\/automotriz.utn.edu.ec\/?p=3318","title":{"rendered":"Novena Edici\u00f3n del D\u00eda Motor UTN 2026"},"content":{"rendered":"<hr \/>\n<p><strong data-start=\"298\" data-end=\"344\">Ibarra, Ecuador \u2014 03 de julio 2026.<\/strong><\/p>\n<p style=\"text-align: justify;\">La Universidad T\u00e9cnica del Norte (UTN), a trav\u00e9s de la Facultad de Ingenier\u00eda en Ciencias Aplicadas y la Carrera de Ingenier\u00eda Automotriz, consolid\u00f3 una nueva jornada de aplicaci\u00f3n pr\u00e1ctica e integraci\u00f3n universitaria en el emblem\u00e1tico circuito del Aut\u00f3dromo Internacional Jos\u00e9 Tobar Tobar.<\/p>\n<p style=\"text-align: justify;\">El viernes 3 de julio de 2026, se llev\u00f3 a cabo con \u00e9xito la novena edici\u00f3n del tradicional <span class=\"font-semibold\" data-streamdown=\"strong\">D\u00eda Motor UTN 2026<\/span>, competencia que tuvo lugar en el Aut\u00f3dromo Internacional Jos\u00e9 Tobar Tobar de Yahuarcocha, espacio donde la teor\u00eda acad\u00e9mica se une con la exigencia t\u00e9cnica e ingenier\u00eda en pista.<\/p>\n<p style=\"text-align: center;\"><a href=\"https:\/\/automotriz.utn.edu.ec\/wp-content\/uploads\/2026\/07\/FB_IMG_1788550522093.jpg\"><img loading=\"lazy\" decoding=\"async\" class=\"alignnone  wp-image-3330\" src=\"https:\/\/automotriz.utn.edu.ec\/wp-content\/uploads\/2026\/07\/FB_IMG_1788550522093-300x225.jpg\" alt=\"\" width=\"265\" height=\"199\" srcset=\"https:\/\/automotriz.utn.edu.ec\/wp-content\/uploads\/2026\/07\/FB_IMG_1788550522093-300x225.jpg 300w, https:\/\/automotriz.utn.edu.ec\/wp-content\/uploads\/2026\/07\/FB_IMG_1788550522093-1024x768.jpg 1024w, https:\/\/automotriz.utn.edu.ec\/wp-content\/uploads\/2026\/07\/FB_IMG_1788550522093-768x576.jpg 768w, https:\/\/automotriz.utn.edu.ec\/wp-content\/uploads\/2026\/07\/FB_IMG_1788550522093-1536x1152.jpg 1536w, https:\/\/automotriz.utn.edu.ec\/wp-content\/uploads\/2026\/07\/FB_IMG_1788550522093-360x270.jpg 360w, https:\/\/automotriz.utn.edu.ec\/wp-content\/uploads\/2026\/07\/FB_IMG_1788550522093.jpg 1600w\" sizes=\"auto, (max-width: 265px) 100vw, 265px\" \/><\/a>\u00a0 <a href=\"https:\/\/automotriz.utn.edu.ec\/wp-content\/uploads\/2026\/07\/FB_IMG_1788550487361.jpg\"><img loading=\"lazy\" decoding=\"async\" class=\"alignnone  wp-image-3326\" src=\"https:\/\/automotriz.utn.edu.ec\/wp-content\/uploads\/2026\/07\/FB_IMG_1788550487361-300x200.jpg\" alt=\"\" width=\"299\" height=\"199\" srcset=\"https:\/\/automotriz.utn.edu.ec\/wp-content\/uploads\/2026\/07\/FB_IMG_1788550487361-300x200.jpg 300w, https:\/\/automotriz.utn.edu.ec\/wp-content\/uploads\/2026\/07\/FB_IMG_1788550487361-1024x682.jpg 1024w, https:\/\/automotriz.utn.edu.ec\/wp-content\/uploads\/2026\/07\/FB_IMG_1788550487361-768x512.jpg 768w, https:\/\/automotriz.utn.edu.ec\/wp-content\/uploads\/2026\/07\/FB_IMG_1788550487361-360x240.jpg 360w, https:\/\/automotriz.utn.edu.ec\/wp-content\/uploads\/2026\/07\/FB_IMG_1788550487361.jpg 1280w\" sizes=\"auto, (max-width: 299px) 100vw, 299px\" \/><\/a><\/p>\n<h4>Despliegue t\u00e9cnico y categor\u00edas de competencia<\/h4>\n<p style=\"text-align: justify;\">El evento reuni\u00f3 a un total de <span class=\"font-semibold\" data-streamdown=\"strong\">58 monoplazas<\/span>, cuyos equipos t\u00e9cnicos y pilotos pusieron a prueba el rendimiento mec\u00e1nico y la puesta a punto en un circuito de <span class=\"font-semibold\" data-streamdown=\"strong\">1,26 kil\u00f3metros de longitud<\/span>, completando ocho vueltas reglamentarias por participante.<\/p>\n<p>La competencia se estructur\u00f3 en ocho categor\u00edas principales:<\/p>\n<ul class=\"list-inside list-disc whitespace-normal [li_&amp;]:pl-6\" data-streamdown=\"unordered-list\">\n<li class=\"text-ink-primary text-t2 py-1 leading-6 [&amp;&gt;p]:inline\" data-streamdown=\"list-item\"><span class=\"font-semibold\" data-streamdown=\"strong\">Homologados:<\/span> 100 cc y 125 cc.<\/li>\n<li class=\"text-ink-primary text-t2 py-1 leading-6 [&amp;&gt;p]:inline\" data-streamdown=\"list-item\"><span class=\"font-semibold\" data-streamdown=\"strong\">Prototipos y Semihomologados:<\/span> 100 cc, 125 cc, 150 cc, 200 cc y 250 cc.<\/li>\n<li class=\"text-ink-primary text-t2 py-1 leading-6 [&amp;&gt;p]:inline\" data-streamdown=\"list-item\"><span class=\"font-semibold\" data-streamdown=\"strong\">Motores Estacionarios:<\/span> 200 cc y Briggs.<\/li>\n<li class=\"text-ink-primary text-t2 py-1 leading-6 [&amp;&gt;p]:inline\" data-streamdown=\"list-item\"><span class=\"font-semibold\" data-streamdown=\"strong\">Shifter.<\/span><\/li>\n<li class=\"text-ink-primary text-t2 py-1 leading-6 [&amp;&gt;p]:inline\" data-streamdown=\"list-item\"><span class=\"font-semibold\" data-streamdown=\"strong\">Veh\u00edculos El\u00e9ctricos.<\/span><\/li>\n<\/ul>\n<p style=\"text-align: justify;\">Esta diversidad de categor\u00edas fomenta la innovaci\u00f3n constante en sistemas de propulsi\u00f3n tradicional y de movilidad sostenible, reflejando el compromiso con la evoluci\u00f3n de la tecnolog\u00eda automotriz.<\/p>\n<p style=\"text-align: center;\"><a href=\"https:\/\/automotriz.utn.edu.ec\/wp-content\/uploads\/2026\/07\/FB_IMG_1788550503761.jpg\"><img loading=\"lazy\" decoding=\"async\" class=\"alignnone size-medium wp-image-3328\" src=\"https:\/\/automotriz.utn.edu.ec\/wp-content\/uploads\/2026\/07\/FB_IMG_1788550503761-300x200.jpg\" alt=\"\" width=\"300\" height=\"200\" srcset=\"https:\/\/automotriz.utn.edu.ec\/wp-content\/uploads\/2026\/07\/FB_IMG_1788550503761-300x200.jpg 300w, https:\/\/automotriz.utn.edu.ec\/wp-content\/uploads\/2026\/07\/FB_IMG_1788550503761-1024x682.jpg 1024w, https:\/\/automotriz.utn.edu.ec\/wp-content\/uploads\/2026\/07\/FB_IMG_1788550503761-768x512.jpg 768w, https:\/\/automotriz.utn.edu.ec\/wp-content\/uploads\/2026\/07\/FB_IMG_1788550503761-360x240.jpg 360w, https:\/\/automotriz.utn.edu.ec\/wp-content\/uploads\/2026\/07\/FB_IMG_1788550503761.jpg 1280w\" sizes=\"auto, (max-width: 300px) 100vw, 300px\" \/><\/a><\/p>\n<h4>Destacada participaci\u00f3n femenina<\/h4>\n<p style=\"text-align: justify;\">Un hito significativo de esta edici\u00f3n fue la consolidaci\u00f3n de la <span class=\"font-semibold\" data-streamdown=\"strong\">categor\u00eda femenina<\/span>, integrada por cinco competidoras. Las participantes demostraron un elevado desempe\u00f1o deportivo y rigurosidad t\u00e9cnica en la conducci\u00f3n y maniobrabilidad, por lo cual recibieron el merecido reconocimiento y condecoraci\u00f3n de las autoridades universitarias.<\/p>\n<p style=\"text-align: center;\"><a href=\"https:\/\/automotriz.utn.edu.ec\/wp-content\/uploads\/2026\/07\/IMG_20260703_162058.jpg\"><img loading=\"lazy\" decoding=\"async\" class=\"alignnone size-medium wp-image-3331\" src=\"https:\/\/automotriz.utn.edu.ec\/wp-content\/uploads\/2026\/07\/IMG_20260703_162058-300x225.jpg\" alt=\"\" width=\"300\" height=\"225\" srcset=\"https:\/\/automotriz.utn.edu.ec\/wp-content\/uploads\/2026\/07\/IMG_20260703_162058-300x225.jpg 300w, https:\/\/automotriz.utn.edu.ec\/wp-content\/uploads\/2026\/07\/IMG_20260703_162058-1024x768.jpg 1024w, https:\/\/automotriz.utn.edu.ec\/wp-content\/uploads\/2026\/07\/IMG_20260703_162058-768x576.jpg 768w, https:\/\/automotriz.utn.edu.ec\/wp-content\/uploads\/2026\/07\/IMG_20260703_162058-1536x1152.jpg 1536w, https:\/\/automotriz.utn.edu.ec\/wp-content\/uploads\/2026\/07\/IMG_20260703_162058-360x270.jpg 360w, https:\/\/automotriz.utn.edu.ec\/wp-content\/uploads\/2026\/07\/IMG_20260703_162058.jpg 2000w\" sizes=\"auto, (max-width: 300px) 100vw, 300px\" \/><\/a><\/p>\n<h4>Resultados oficiales<\/h4>\n<p>Los podios de las principales categor\u00edas fueron los siguientes:<\/p>\n<p><strong>&#x2728; Categor\u00eda Damas<\/strong><\/p>\n<p style=\"padding-left: 40px;\">&#x1f947; Emy Y\u00e9pez \u2013 YRT-UTN<\/p>\n<p style=\"padding-left: 40px;\">&#x1f948; Amanda Y\u00e9pez \u2013 UTN<\/p>\n<p style=\"padding-left: 40px;\">&#x1f949; Estefany Zurita \u2013 Y\u00e9pez Racing Team<\/p>\n<div><\/div>\n<p>&#x2699;&#xfe0f; <strong>Categor\u00eda Estacionarios<\/strong><\/p>\n<p style=\"padding-left: 40px;\">&#x1f947; Alejandro P\u00e1\u2013 Atuntaqui Motorsport<\/p>\n<p style=\"padding-left: 40px;\">&#x1f948; Ian Hidalgo \u2013 Instituto 17 de Julio<\/p>\n<p style=\"padding-left: 40px;\">&#x1f949; Santiago Benavides \u2013 UTN<\/p>\n<div><\/div>\n<p>&#x1f3ce;&#xfe0f; <strong>Categor\u00eda 100 cc<\/strong><\/p>\n<p style=\"padding-left: 40px;\">&#x1f947; Cristian Torres \u2013 ESPE<\/p>\n<p style=\"padding-left: 40px;\">&#x1f948; Daniel Acosta \u2013 ESPE<\/p>\n<div><\/div>\n<p>&#x1f527; <strong>Categor\u00eda 125 cc<\/strong><\/p>\n<p style=\"padding-left: 40px;\">&#x1f947; Franklin Aguilar \u2013 UTN<\/p>\n<p style=\"padding-left: 40px;\">&#x1f948; Carlos L\u00f3pez \u2013 CGE<\/p>\n<p style=\"padding-left: 40px;\">&#x1f949; Danel Espin \u2013 ITSQMET<\/p>\n<div><\/div>\n<p>&#x1f3ce;&#xfe0f; <strong>Categor\u00eda 150 cc<\/strong><\/p>\n<p style=\"padding-left: 40px;\">&#x1f947; Mishell Y\u00e9pez \u2013 UTN<\/p>\n<p style=\"padding-left: 40px;\">&#x1f948; Kevin Ortiz \u2013 KD Motorsport-ESPE<\/p>\n<p style=\"padding-left: 40px;\">&#x1f949; Hamilton Ortega \u2013 YRT-UTN<\/p>\n<div><\/div>\n<p>&#x1f525; <strong>Categor\u00eda 200 cc<\/strong><\/p>\n<p style=\"padding-left: 40px;\">&#x1f947; Kevin Jara \u2013 Black Fury Team<\/p>\n<p style=\"padding-left: 40px;\">&#x1f948; Ismael Anchatipan \u2013 ESPE<\/p>\n<p style=\"padding-left: 40px;\">&#x1f949; Ismael Medina \u2013 Instituto La Man\u00e1<\/p>\n<div><\/div>\n<p>&#x26a1; <strong>Categor\u00eda 250 cc<\/strong><\/p>\n<p style=\"padding-left: 40px;\">&#x1f947; \u00c1lvaro Y\u00e9pez \u2013 YRT-UTN<\/p>\n<p style=\"padding-left: 40px;\">&#x1f948; Francisco Flores \u2013 UTN<\/p>\n<p style=\"padding-left: 40px;\">&#x1f949; Franklin Leit\u00f3n \u2013 UTN<\/p>\n<div><\/div>\n<p>&#x1f3c6; <strong>Categor\u00eda Shifter<\/strong><\/p>\n<p style=\"padding-left: 40px;\">&#x1f947; Hamilton Ortega \u2013 YRT-UTN<\/p>\n<p style=\"padding-left: 40px;\">&#x1f948; Sebasti\u00e1n Montenegro \u2013 KD Motorsport-ESPE<\/p>\n<p style=\"padding-left: 40px;\">&#x1f949; Anthony Armas \u2013 Instituto 17 de Julio<\/p>\n<p style=\"text-align: center;\"><a href=\"https:\/\/automotriz.utn.edu.ec\/wp-content\/uploads\/2026\/07\/IMG_20260703_162620.jpg\"><img loading=\"lazy\" decoding=\"async\" class=\"alignnone size-medium wp-image-3333\" src=\"https:\/\/automotriz.utn.edu.ec\/wp-content\/uploads\/2026\/07\/IMG_20260703_162620-300x225.jpg\" alt=\"\" width=\"300\" height=\"225\" srcset=\"https:\/\/automotriz.utn.edu.ec\/wp-content\/uploads\/2026\/07\/IMG_20260703_162620-300x225.jpg 300w, https:\/\/automotriz.utn.edu.ec\/wp-content\/uploads\/2026\/07\/IMG_20260703_162620-1024x768.jpg 1024w, https:\/\/automotriz.utn.edu.ec\/wp-content\/uploads\/2026\/07\/IMG_20260703_162620-768x576.jpg 768w, https:\/\/automotriz.utn.edu.ec\/wp-content\/uploads\/2026\/07\/IMG_20260703_162620-1536x1152.jpg 1536w, https:\/\/automotriz.utn.edu.ec\/wp-content\/uploads\/2026\/07\/IMG_20260703_162620-360x270.jpg 360w, https:\/\/automotriz.utn.edu.ec\/wp-content\/uploads\/2026\/07\/IMG_20260703_162620.jpg 2000w\" sizes=\"auto, (max-width: 300px) 100vw, 300px\" \/><\/a>\u00a0 <a href=\"https:\/\/automotriz.utn.edu.ec\/wp-content\/uploads\/2026\/07\/IMG_20260703_162456.jpg\"><img loading=\"lazy\" decoding=\"async\" class=\"alignnone size-medium wp-image-3332\" src=\"https:\/\/automotriz.utn.edu.ec\/wp-content\/uploads\/2026\/07\/IMG_20260703_162456-300x225.jpg\" alt=\"\" width=\"300\" height=\"225\" srcset=\"https:\/\/automotriz.utn.edu.ec\/wp-content\/uploads\/2026\/07\/IMG_20260703_162456-300x225.jpg 300w, https:\/\/automotriz.utn.edu.ec\/wp-content\/uploads\/2026\/07\/IMG_20260703_162456-1024x768.jpg 1024w, https:\/\/automotriz.utn.edu.ec\/wp-content\/uploads\/2026\/07\/IMG_20260703_162456-768x576.jpg 768w, https:\/\/automotriz.utn.edu.ec\/wp-content\/uploads\/2026\/07\/IMG_20260703_162456-1536x1152.jpg 1536w, https:\/\/automotriz.utn.edu.ec\/wp-content\/uploads\/2026\/07\/IMG_20260703_162456-360x270.jpg 360w, https:\/\/automotriz.utn.edu.ec\/wp-content\/uploads\/2026\/07\/IMG_20260703_162456.jpg 2000w\" sizes=\"auto, (max-width: 300px) 100vw, 300px\" \/><\/a><\/p>\n<p style=\"text-align: justify;\">La Universidad T\u00e9cnica del Norte celebra el \u00e9xito de esta jornada que une ciencia, t\u00e9cnica y pasi\u00f3n por la ingenier\u00eda automotriz.<\/p>\n","protected":false},"excerpt":{"rendered":"<p>Ibarra, Ecuador \u2014 03 de julio 2026. La Universidad T\u00e9cnica del Norte (UTN), a trav\u00e9s de la Facultad de Ingenier\u00eda en Ciencias Aplicadas y la Carrera de Ingenier\u00eda Automotriz, consolid\u00f3 una nueva jornada de aplicaci\u00f3n pr\u00e1ctica e integraci\u00f3n universitaria en <a href=\"https:\/\/automotriz.utn.edu.ec\/?p=3318\" class=\"read-more\">Leer M\u00e1s [+] &#8230;<\/a><\/p>\n","protected":false},"author":6,"featured_media":3336,"comment_status":"closed","ping_status":"closed","sticky":false,"template":"","format":"standard","meta":{"footnotes":""},"categories":[6,30],"tags":[],"class_list":["post-3318","post","type-post","status-publish","format-standard","has-post-thumbnail","hentry","category-mi-carrera-de-mantenimiento-automotriz","category-noticias"],"_links":{"self":[{"href":"https:\/\/automotriz.utn.edu.ec\/index.php?rest_route=\/wp\/v2\/posts\/3318","targetHints":{"allow":["GET"]}}],"collection":[{"href":"https:\/\/automotriz.utn.edu.ec\/index.php?rest_route=\/wp\/v2\/posts"}],"about":[{"href":"https:\/\/automotriz.utn.edu.ec\/index.php?rest_route=\/wp\/v2\/types\/post"}],"author":[{"embeddable":true,"href":"https:\/\/automotriz.utn.edu.ec\/index.php?rest_route=\/wp\/v2\/users\/6"}],"replies":[{"embeddable":true,"href":"https:\/\/automotriz.utn.edu.ec\/index.php?rest_route=%2Fwp%2Fv2%2Fcomments&post=3318"}],"version-history":[{"count":7,"href":"https:\/\/automotriz.utn.edu.ec\/index.php?rest_route=\/wp\/v2\/posts\/3318\/revisions"}],"predecessor-version":[{"id":3335,"href":"https:\/\/automotriz.utn.edu.ec\/index.php?rest_route=\/wp\/v2\/posts\/3318\/revisions\/3335"}],"wp:featuredmedia":[{"embeddable":true,"href":"https:\/\/automotriz.utn.edu.ec\/index.php?rest_route=\/wp\/v2\/media\/3336"}],"wp:attachment":[{"href":"https:\/\/automotriz.utn.edu.ec\/index.php?rest_route=%2Fwp%2Fv2%2Fmedia&parent=3318"}],"wp:term":[{"taxonomy":"category","embeddable":true,"href":"https:\/\/automotriz.utn.edu.ec\/index.php?rest_route=%2Fwp%2Fv2%2Fcategories&post=3318"},{"taxonomy":"post_tag","embeddable":true,"href":"https:\/\/automotriz.utn.edu.ec\/index.php?rest_route=%2Fwp%2Fv2%2Ftags&post=3318"}],"curies":[{"name":"wp","href":"https:\/\/api.w.org\/{rel}","templated":true}]}}